{"id":1979,"date":"2023-12-08T18:56:00","date_gmt":"2023-12-08T16:56:00","guid":{"rendered":"https:\/\/www.sibyllekefer.at\/blog\/?p=1979"},"modified":"2023-12-17T18:59:19","modified_gmt":"2023-12-17T16:59:19","slug":"danke-und-rueckblick","status":"publish","type":"post","link":"https:\/\/www.sibyllekefer.at\/blog\/danke-und-rueckblick\/","title":{"rendered":"DANKE! und R\u00fcckblick"},"content":{"rendered":"\n<p>Liebe Menschen,<\/p>\n\n\n\n<p>1) DANKE! Und R\u00fcckblick.<\/p>\n\n\n\n<p>Ich m\u00f6chte mich herzlich f\u00fcr die gro\u00dfartige Unterst\u00fctzung in diesem Jahr bedanken.<\/p>\n\n\n\n<p>Es ist Einiges K\u00fcnstlerisches passiert.<\/p>\n\n\n\n<p>Ich habe ein Album herausgebracht, welches wirklich gut aufgenommen wurde von H\u00f6rer*innenschaft und Medienlandschaft.<\/p>\n\n\n\n<p>Das ist f\u00fcr mich ein gro\u00dfer Erfolg.&nbsp;<\/p>\n\n\n\n<p>Ich glaube aber nicht, dass es um Erfolg geht.<\/p>\n\n\n\n<p>Bzw. es kommt wohl sehr auf die Definition dieses Wortes an. Nat\u00fcrlich tut es mir sehr gut, endlich das Gef\u00fchl zu haben, mit meiner Kunst bei den Menschen anzukommen. Ich f\u00fchle mich gesehen und geh\u00f6rt und habe Kraft, weiterzumachen (Geld nicht, aber es ist noch nicht der Zeitpunkt gekommen, dies im derzeitigen Prozessverlauf zu thematisieren &#8211; der Arbeitsprozess an einem neuen Album l\u00e4uft, aber ich mache es diesmal mit viel Vorlaufzeit und der M\u00f6glichkeit, die anstehenden Rechnungen nach und nach zu begleichen und zu \u00fcberlegen, wie ich es schaffen kann\u2026).<\/p>\n\n\n\n<p>Mein Vater hat in Bezug auf Korruption mal zu mir gesagt, (unter anderem) werde es immer dann gef\u00e4hrlich\/schwierig, wenn sich jemand sehr geschmeichelt f\u00fchlen w\u00fcrde. Das mache ihn verf\u00fchrbar.<\/p>\n\n\n\n<p>Ich finde das einen sehr schlauen Erkenntnisgedanken!<\/p>\n\n\n\n<p>Verf\u00fchrbar m\u00f6chte ich nicht werden, ich muss aber schon sagen, dass mir einiges von dem, was mir dieses Jahr an R\u00fcckmeldung entgegengebracht wurde geschmeichelt und wirklich gutgetan hat.<\/p>\n\n\n\n<p>Ich m\u00f6chte mich herzlich daf\u00fcr bedanken!<\/p>\n\n\n\n<p>Bei euch allen!<\/p>\n\n\n\n<p>Das Jahr neigt sich also dem Ende und ich lasse das 2023 erschienene Doppelalbum \u201ehoid\u201c noch einmal Revue passieren.<\/p>\n\n\n\n<p>Das ist ein sch\u00f6ner und gleichsam schmerzhafter Prozess.<\/p>\n\n\n\n<p>Viele der Themen, die mich angetrieben und besch\u00e4ftigt haben sind \u00fcberdimensional gro\u00df geworden auf dieser Welt in diesem Jahr und ich bin Zeugin. Wir alle sind Zeug*innen.<\/p>\n\n\n\n<p>Ich glaube, es geht gerade zur Zeit viel um Verantwortung und Verantwortlichkeiten.<\/p>\n\n\n\n<p>Um das Einstehen f\u00fcr unsere zivilgesellschaftlichen Werte.<\/p>\n\n\n\n<p>Um den Umgang mit entstandenen (auch transgenerationalen) Traumata und ein Verhindern des Entstehens neuer.<\/p>\n\n\n\n<p>Um den Umgang von Mensch mit Mensch.<\/p>\n\n\n\n<p>F\u00fcr uns alle, unsere Welt, unsere Kinder.<\/p>\n\n\n\n<p>2) Podcast KrispelKefer &#8211; Die zweite Folge ist ab sofort online verf\u00fcgbar.<\/p>\n\n\n\n<p>Ich habe mit Rainer Krispel, wie im letzten Newsletter erw\u00e4hnt, ein neues Podcast-Projekt gestartet (zu finden bei allen gr\u00f6\u00dferen Podcastplattformen unter \u201eKrispelKefer\u201c).<\/p>\n\n\n\n<p>Es fasziniert mich, wie wir uns ann\u00e4hern, wie wir versuchen, eine gemeinsame Gespr\u00e4chskultur zu entwickeln und wie wir doch lernf\u00e4hig zu sein scheinen (also sagen wir mal so, ich betrachte das nat\u00fcrlich aus meiner Perspektive und aus dieser erscheint mir die zweite Folge ein positiver&nbsp; Entwicklungsprozess in Bezugnahme zur ersten zu sein :).<\/p>\n\n\n\n<p>Let me know, wie ihr das seht.<\/p>\n\n\n\n<p>F\u00fcr Podcastspezifisches haben wir eine E-Mailadresse (krispelkefer@gmx.net) eine Instagram (krispelkefer) &#8211; und eine Facebookseite (krispelkefer) eingerichtet.<\/p>\n\n\n\n<p>3) Sollte jemand personifizierte Weihnachtsgeschenke haben wollen, kann bei mir gerne pers\u00f6nlich bestellt werden.<\/p>\n\n\n\n<p>Ich signiere meine Alben\/CDs gerne und sende sie fristgerecht zu. Oder bringe sie zu einem der noch vor Weihnachten stattfindenden Konzerte mit:<\/p>\n\n\n\n<p>&#8211; 15.12.2023 25 Jahre Atzmanmusic Szene Wien &#8211; mein legend\u00e4rer \u201eTaxla\u201c-Song bekommt ein unglaubliches Bl\u00e4serarrangement verpasst &#8211; das wird EINMALIG! Kommt und unterst\u00fctzt atzmanmusic, einen der wichtigsten Freunde von mir, der mich immer unterst\u00fctzt hat. Jetzt bin ich dran!<\/p>\n\n\n\n<p>&#8211; 18.12.2023 Orpheum &#8211; Zwidan Zw\u0105 (das sind Ernst Molden und Christopher Seiler) feat. d\u0105s Frauenorchester (das sind Marlene Lacherstorfer, Maria Petrova und ich)<\/p>\n\n\n\n<p>&#8211; 22.12.2023 Porgy und Bess &#8211; Ernst Molden und das Frauenorchester + G\u00e4ste<\/p>\n\n\n\n<p>4) Ich habe endlich die Zeit gefunden, das Video des Volksstimmefestkonzert mit dem Mischpultmittschnitt zusammenzuf\u00fcgen und m\u00f6chte es euch gerne als kleines Weihnachtsgoody sozusagen zur Verf\u00fcgung stellen.<\/p>\n\n\n\n<p>Ich glaube auch, dass das wichtig ist, weil wir gerne Open-Airs spielen m\u00f6chten und uns freuen, wenn wir gebucht werden.&nbsp;<\/p>\n\n\n\n<p>Und so sieht man, was man da kriegen kann:<\/p>\n\n\n\n<figure class=\"wp-block-embed is-type-video is-provider-youtube wp-block-embed-youtube wp-embed-aspect-16-9 wp-has-aspect-ratio\"><div class=\"wp-block-embed__wrapper\">\n<iframe loading=\"lazy\" title=\"Sibylle Kefer Band Volksstimmefest 03.09.2023\" width=\"640\" height=\"360\" src=\"https:\/\/www.youtube.com\/embed\/vhAEGxTjNus?feature=oembed\" frameborder=\"0\" allow=\"accelerometer; autoplay; clipboard-write; encrypted-media; gyroscope; picture-in-picture; web-share\" referrerpolicy=\"strict-origin-when-cross-origin\" allowfullscreen><\/iframe>\n<\/div><\/figure>\n\n\n\n<p>Bleibt mir noch eine besinnliche Weihnachtszeit zu w\u00fcnschen und auf dass das Gute die Weltherrschaft erlangen m\u00f6ge!<\/p>\n\n\n\n<p>Sibylle<\/p>\n","protected":false},"excerpt":{"rendered":"<p>Liebe Menschen, 1) DANKE! Und R\u00fcckblick. Ich m\u00f6chte mich herzlich f\u00fcr die gro\u00dfartige Unterst\u00fctzung in diesem Jahr bedanken. Es ist Einiges K\u00fcnstlerisches passiert. Ich habe ein Album herausgebracht, welches wirklich gut aufgenommen wurde von H\u00f6rer*innenschaft und Medienlandschaft. Das ist f\u00fcr mich ein gro\u00dfer Erfolg.&nbsp; Ich glaube aber nicht, dass es um Erfolg geht. Bzw. es [&hellip;]<\/p>\n","protected":false},"author":2,"featured_media":0,"comment_status":"closed","ping_status":"","sticky":false,"template":"","format":"standard","meta":{"footnotes":""},"categories":[1],"tags":[],"class_list":["post-1979","post","type-post","status-publish","format-standard","hentry","category-allgemein"],"_links":{"self":[{"href":"https:\/\/www.sibyllekefer.at\/blog\/wp-json\/wp\/v2\/posts\/1979","targetHints":{"allow":["GET"]}}],"collection":[{"href":"https:\/\/www.sibyllekefer.at\/blog\/wp-json\/wp\/v2\/posts"}],"about":[{"href":"https:\/\/www.sibyllekefer.at\/blog\/wp-json\/wp\/v2\/types\/post"}],"author":[{"embeddable":true,"href":"https:\/\/www.sibyllekefer.at\/blog\/wp-json\/wp\/v2\/users\/2"}],"replies":[{"embeddable":true,"href":"https:\/\/www.sibyllekefer.at\/blog\/wp-json\/wp\/v2\/comments?post=1979"}],"version-history":[{"count":1,"href":"https:\/\/www.sibyllekefer.at\/blog\/wp-json\/wp\/v2\/posts\/1979\/revisions"}],"predecessor-version":[{"id":1980,"href":"https:\/\/www.sibyllekefer.at\/blog\/wp-json\/wp\/v2\/posts\/1979\/revisions\/1980"}],"wp:attachment":[{"href":"https:\/\/www.sibyllekefer.at\/blog\/wp-json\/wp\/v2\/media?parent=1979"}],"wp:term":[{"taxonomy":"category","embeddable":true,"href":"https:\/\/www.sibyllekefer.at\/blog\/wp-json\/wp\/v2\/categories?post=1979"},{"taxonomy":"post_tag","embeddable":true,"href":"https:\/\/www.sibyllekefer.at\/blog\/wp-json\/wp\/v2\/tags?post=1979"}],"curies":[{"name":"wp","href":"https:\/\/api.w.org\/{rel}","templated":true}]}}