{"id":2070,"date":"2024-04-15T17:06:22","date_gmt":"2024-04-15T15:06:22","guid":{"rendered":"https:\/\/www.sibyllekefer.at\/blog\/?p=2070"},"modified":"2024-04-16T17:08:08","modified_gmt":"2024-04-16T15:08:08","slug":"2070-2","status":"publish","type":"post","link":"https:\/\/www.sibyllekefer.at\/blog\/2070-2\/","title":{"rendered":"live &#8211; save the dates &#x2764;&#xfe0f;"},"content":{"rendered":"\n<figure class=\"wp-block-table\"><table><tbody><tr><td>Liebe Menschen,<br>Vielen Dank f\u00fcr viele sch\u00f6ne st\u00e4rkende R\u00fcckmeldungen nach meinem letzten Announcement!<br>Mein Management, meine Bookingagentur und ich haben sich im sch\u00f6nen Caf\u00e9 Weidinger zusammengesetzt und einen guten Plan gemacht.<br>Ich sehe meine Verantwortung darin, gute Musik f\u00fcr euch zu machen, die uns belebt, die die Zeit bricht und Br\u00fccken schlagen kann. Und &#8211; euch rechtzeitig Bescheid zu geben, wo das wann stattfinden kann, sobald wir die Rahmenbedingungen geschaffen haben, die es uns erm\u00f6glichen, diese gemeinsame Zeit zu verbringen.<\/td><\/tr><tr><td><img decoding=\"async\" width=\"564\" height=\"auto\" alt=\"\" src=\"https:\/\/mcusercontent.com\/a43bae89aa1be0829f9bdb678\/images\/1c4e904b-0bb4-c388-61a3-d96ae7b60adb.jpeg\"><\/td><\/tr><tr><td>Mit einem neuen Lieblingsfoto vom vorgestrigen Konzertabend mit Molden, Seiler, Lacherstorfer und Petrova (DANKE, Didi Lipkovich&#x1f339;) habe ich nun also ein paar sch\u00f6ne Konzertank\u00fcndigungen zu machen:<\/td><\/tr><tr><td><br>Als <a href=\"https:\/\/stadtsaal.com\/kuenstler\/fuzzman-the-singin-rebels\" target=\"_blank\" rel=\"noreferrer noopener\"><strong>Solok\u00fcnstlerin<\/strong> darf ich am<strong> 01.05. 2024 <\/strong>im wundersch\u00f6nen <strong>Stadtsaal Wien <\/strong>das Konzert des wirklich gro\u00dfartigen <strong>FUZZMANN<\/strong> er\u00f6ffnen<strong>.<\/strong><\/a><br>Das sollte frau sich geben, will sie was erleben!<br>FUZZMANN ist ein Zauberer und seine Band bietet den Rahmen daf\u00fcr! Und sein letztes Album ist umwerfend.<br><a href=\"https:\/\/stadtsaal.com\/kuenstler\/fuzzman-the-singin-rebels\">https:\/\/stadtsaal.com\/kuenstler\/fuzzman-the-singin-rebels<\/a><\/td><\/tr><tr><td><strong>Au\u00dferdem Solo:<\/strong><a href=\"https:\/\/www.kurdirektion.at\/veranstaltungen\/marion-wisinger-bad-goisern\" target=\"_blank\" rel=\"noreferrer noopener\">22.04.24 Bad Ischl, Kurdirektion, im Rahmen der Diskussionsrunde \u201e\u00dcber Geschichte vor Ort\u201c <\/a><a href=\"https:\/\/www.oeda.at\/adido\" target=\"_blank\" rel=\"noreferrer noopener\">16.05.2024 ADIDO Wien, Dialekt Donnerstag im Cafe Anno <\/a>21.06.24 craft&amp;art Bad Goisern tba<\/td><\/tr><tr><td><br><strong>Im Gewand meiner gro\u00dfartigen Band kann man meine Musik erleben am:<\/strong>08.06.2024 Marktplatz Bad Goisern13.07.24 Mortarapark Wien26.09. Rhiz Wien (save the date &#x2764;&#xfe0f;)09.11.2024 Aschach\/Donau<br>Save the dates &#x2764;&#xfe0f;&#x1f339;<\/td><\/tr><tr><td><br>Rein organisatorische Newsletter sind einfach nicht mein Ding\u2026<br>Immerhin steht der Amadeus, mit dem ich mich ja auch intensiver besch\u00e4ftigt habe nun direkt bevor, der Fr\u00fchling ist da, das Klima auch, ich habe schon lange einen Song, der da ziemlich gut dazu passt und den ich euch &#8211; je nachdem, ob wir Unterst\u00fctzung des Musikfonds erhalten werden oder nicht &#8211; fr\u00fcher oder sp\u00e4ter hoffentlich pr\u00e4sentieren kann. Als Vorbote f\u00fcr das neue Album, an dem wir (Martin Siewert, die Band und ich) ja arbeiten\u2026<\/td><\/tr><tr><td><br>Und &#8211; ich durfte in der Zwischenzeit nach Hamburg in die Elbphilharmonie fahren und gemeinsam mit Maria Petrova und Marlene Lacherstorfer als Band f\u00fcr Andre\u00b4 Heller und Ernst Molden fungieren. Danke f\u00fcr diese wunderbare Gelegenheit!<br><a href=\"https:\/\/www.elbphilharmonie.de\/de\/mediathek\/andre-heller-die-besten-aus-wien\/960\" target=\"_blank\" rel=\"noreferrer noopener\">Das Konzert kann hier nachgeschaut werden, es waren viele tolle Solist*innen und die Wiener Konzertschrammeln dabei.<\/a><\/td><\/tr><tr><td><br>Alles Liebe<br>Sibylle<\/td><\/tr><tr><td><br><strong>LIVETERMINE <\/strong><br><strong>Sibylle Kefer Solo<\/strong><br>22.04.24 <a href=\"https:\/\/www.kurdirektion.at\/veranstaltungen\/marion-wisinger-bad-goisern\" target=\"_blank\" rel=\"noreferrer noopener\">Bad Ischl, Kurdirektion, im Rahmen der Diskussionsrunde \u201e\u00dcber Geschichte vor Ort\u201c <\/a><br>01.05.2024 <a href=\"https:\/\/stadtsaal.com\/kuenstler\/fuzzman-the-singin-rebels\" target=\"_blank\" rel=\"noreferrer noopener\">Stadtsaal Wien, Einheizen f\u00fcr den gro\u00dfartigen Fuzzmann <\/a><br>16.05.2024 <a href=\"https:\/\/www.oeda.at\/adido\" target=\"_blank\" rel=\"noreferrer noopener\">ADIDO Wien, Dialekt Donnerstag im Cafe Anno <\/a><br>21.06.24 craft&amp;art Bad Goisern tba<\/td><\/tr><tr><td><br><strong>Band<\/strong><br>08.06.2024 Marktplatz Bad Goisern, Marktplatzer\u00f6ffnung<br>13.07.24 Mortarapark Wien, Kultursommer<br>26.09. Rhiz Wien (save the date &#x2764;&#xfe0f;)<br>09.11.2024 Aschach\/Donau<\/td><\/tr><\/tbody><\/table><\/figure>\n","protected":false},"excerpt":{"rendered":"<p>Liebe Menschen,Vielen Dank f\u00fcr viele sch\u00f6ne st\u00e4rkende R\u00fcckmeldungen nach meinem letzten Announcement!Mein Management, meine Bookingagentur und ich haben sich im sch\u00f6nen Caf\u00e9 Weidinger zusammengesetzt und einen guten Plan gemacht.Ich sehe meine Verantwortung darin, gute Musik f\u00fcr euch zu machen, die uns belebt, die die Zeit bricht und Br\u00fccken schlagen kann. Und &#8211; euch rechtzeitig Bescheid [&hellip;]<\/p>\n","protected":false},"author":2,"featured_media":0,"comment_status":"closed","ping_status":"","sticky":false,"template":"","format":"standard","meta":{"footnotes":""},"categories":[1],"tags":[],"class_list":["post-2070","post","type-post","status-publish","format-standard","hentry","category-allgemein"],"_links":{"self":[{"href":"https:\/\/www.sibyllekefer.at\/blog\/wp-json\/wp\/v2\/posts\/2070","targetHints":{"allow":["GET"]}}],"collection":[{"href":"https:\/\/www.sibyllekefer.at\/blog\/wp-json\/wp\/v2\/posts"}],"about":[{"href":"https:\/\/www.sibyllekefer.at\/blog\/wp-json\/wp\/v2\/types\/post"}],"author":[{"embeddable":true,"href":"https:\/\/www.sibyllekefer.at\/blog\/wp-json\/wp\/v2\/users\/2"}],"replies":[{"embeddable":true,"href":"https:\/\/www.sibyllekefer.at\/blog\/wp-json\/wp\/v2\/comments?post=2070"}],"version-history":[{"count":3,"href":"https:\/\/www.sibyllekefer.at\/blog\/wp-json\/wp\/v2\/posts\/2070\/revisions"}],"predecessor-version":[{"id":2073,"href":"https:\/\/www.sibyllekefer.at\/blog\/wp-json\/wp\/v2\/posts\/2070\/revisions\/2073"}],"wp:attachment":[{"href":"https:\/\/www.sibyllekefer.at\/blog\/wp-json\/wp\/v2\/media?parent=2070"}],"wp:term":[{"taxonomy":"category","embeddable":true,"href":"https:\/\/www.sibyllekefer.at\/blog\/wp-json\/wp\/v2\/categories?post=2070"},{"taxonomy":"post_tag","embeddable":true,"href":"https:\/\/www.sibyllekefer.at\/blog\/wp-json\/wp\/v2\/tags?post=2070"}],"curies":[{"name":"wp","href":"https:\/\/api.w.org\/{rel}","templated":true}]}}