{"id":2180,"date":"2024-09-06T00:00:00","date_gmt":"2024-09-05T22:00:00","guid":{"rendered":"https:\/\/www.sibyllekefer.at\/blog\/?p=2180"},"modified":"2024-09-13T09:21:01","modified_gmt":"2024-09-13T07:21:01","slug":"es-ist-soweit-happy-releaseday-komfortzone","status":"publish","type":"post","link":"https:\/\/www.sibyllekefer.at\/blog\/es-ist-soweit-happy-releaseday-komfortzone\/","title":{"rendered":"es ist soweit! happy releaseday &#8222;komfortzone&#8220;!"},"content":{"rendered":"\n<p>Sibylle Kefer&#8220;komfortzone&#8220;(sie-records\/Hoanzl)<br>digital Single V\u00d6 6.9.24<\/p>\n\n\n\n<p><a href=\"https:\/\/www.artistcamp.com\/SmartLinks\/9006472044239\/\">https:\/\/www.artistcamp.com\/SmartLinks\/9006472044239\/<\/a><\/p>\n\n\n\n<figure class=\"wp-block-embed is-type-video is-provider-youtube wp-block-embed-youtube wp-embed-aspect-16-9 wp-has-aspect-ratio\"><div class=\"wp-block-embed__wrapper\">\n<iframe loading=\"lazy\" title=\"sibylle kefer - komfortzone (official video)\" width=\"640\" height=\"360\" src=\"https:\/\/www.youtube.com\/embed\/WrTnX2D6hYg?feature=oembed\" frameborder=\"0\" allow=\"accelerometer; autoplay; clipboard-write; encrypted-media; gyroscope; picture-in-picture; web-share\" referrerpolicy=\"strict-origin-when-cross-origin\" allowfullscreen><\/iframe>\n<\/div><\/figure>\n\n\n\n<p>Sibylle Kefers erster ver\u00f6ffentlichter neuer Song in der Kontinuit\u00e4t des Albums \u201ehoid&#8220; als Solo-K\u00fcnstlerin und Band-Leaderin, versteht sich als \u201egesellschaftspolitischer Spiegel zum Klimawandelthema&#8220;. Ein dringliches Thema, das uns l\u00e4nger und extremer begleiten wird, als uns lieb ist. Musikalisch und inhaltlich eine in die Zukunft zeigende Standortbestimmung, die sich mit dem kommenden Album \u201ema w\u00fc v\u00fc&#8220; in ganzer Breite vollziehen wird. Kefer weiter: \u201eEin Lied \u00fcber das gemeinsame Ganze. Unser wo und ein bisschen auch unser wie, dort wo. Das, was uns alle betrifft.&#8220;<\/p>\n\n\n\n<p><strong>Sibylle Kefer &amp; Band<br>LIVE @ rhiz 26.9.2024<\/strong><br>Auch schon wieder im M\u00e4rz 2023 ver\u00f6ffentlichte SIBYLLE KEFER (Wien\/Bad Goisern) das Album &#8222;hoid&#8220;. &#8222;hoid&#8220; wurde (und wird weiter \u2013 Alben werden anders als Lebensmittel mit der Zeit selten schlecht!) \u00fcberw\u00e4ltigend begeistert reflektiert. Stefanie Panzenb\u00f6ck schrieb im Falter von &#8222;Musik, die \u00fcberw\u00e4ltigt und ersch\u00fcttert&#8220;, Kollege Sebastian Fasthuber \u00fcbertitelte die Ank\u00fcndigung der Pr\u00e4sentation im Wiener Radiokulturhaus &#8222;Emotionale Wucht, poetisch vertont.&#8220;<br>Die Ver\u00f6ffentlichung von &#8222;hoid&#8220; markierte dazu den Auftritt der Bandleaderin Sibylle Kefer. Kefer, die als Sidewoman (Stimme, Gitarre, Querfl\u00f6te &#8230;) seit Jahrzehnten auf h\u00f6chstem Niveau agiert, steht seither ihrer eigenen Band vor. Sarah Brait, Bass, Chris Pruckner, Schlagzeug und Anna Troper-Lener, Geige, Tasten, Stimme, bilden das dream team an ihrer Seite. Die Erfahrungen mit der Band und der Ver\u00f6ffentlichung von \u201ehoid&#8220; flossen und flie\u00dfen mit Alltag und Leben in das fortgesetzte Songwriting Kefers, mit ihren Liedern redet sie weiterhin auf ihre ganz eigene Art zur\u00fcck, hinein, dar\u00fcber, dazu, \u00fcber \u2013 mit und zu den Dingen, die sie besch\u00e4ftigen und ber\u00fchren, stellt Fragen und wagt, manchmal, Antworten.<br>\u201ema w\u00fc v\u00fc&#8220; kristallierte sich dabei als Arbeitstitel eines im Entstehen begriffenen neuen Albums heraus, Solo- und Band-St\u00fccke werden dabei abermals eine ganz spezielle Atmosph\u00e4re und Stimmung kreieren \u2013 erste neue Lieder gibt es heute zu h\u00f6ren, ebenso wie St\u00fccke von \u201ehoid&#8220; und mehr. Let\u00b4s make this besonders!<\/p>\n\n\n\n<p>Tickets hier:<\/p>\n\n\n\n<p><a href=\"https:\/\/sibyllekefer.us21.list-manage.com\/track\/click?u=a43bae89aa1be0829f9bdb678&amp;id=bbcbd74f85&amp;e=4188d3e0b1\" target=\"_blank\" rel=\"noreferrer noopener\">https:\/\/rhiz.wien\/programm\/event\/sibylle-kefer-band\/<\/a><\/p>\n\n\n\n<p><img decoding=\"async\" width=\"561\" height=\"auto\" src=\"https:\/\/mcusercontent.com\/a43bae89aa1be0829f9bdb678\/images\/da8421d4-37c5-e6f5-bb5c-cd04b0aec16e.jpg\"><\/p>\n\n\n\n<p>Sibylle Kefer &amp; Band<br>FOTO: Ana Batinic<\/p>\n\n\n\n<p>Promo &amp; Booking<br><br>Tivoli Agency \/\/ Christian K\u00f6nig<br><a href=\"mailto:office@tivoli-agency.com\">office@tivoli-agency.com<\/a><br>Tel. + 43 699 19715554<\/p>\n\n\n\n<figure class=\"wp-block-table\"><table class=\"has-fixed-layout\"><tbody><tr><td><\/td><\/tr><tr><td><a href=\"https:\/\/sibyllekefer.us21.list-manage.com\/track\/click?u=a43bae89aa1be0829f9bdb678&amp;id=e102521abc&amp;e=4188d3e0b1\" target=\"_blank\" rel=\"noreferrer noopener\"><\/a><\/td><\/tr><tr><td><\/td><\/tr><tr><td><a href=\"https:\/\/sibyllekefer.us21.list-manage.com\/track\/click?u=a43bae89aa1be0829f9bdb678&amp;id=58d0eacc7c&amp;e=4188d3e0b1\" target=\"_blank\" rel=\"noreferrer noopener\"><\/a><\/td><\/tr><tr><td><\/td><\/tr><tr><td><\/td><\/tr><tr><td><\/td><\/tr><tr><td><br><\/td><\/tr><tr><td><\/td><\/tr><\/tbody><\/table><\/figure>\n","protected":false},"excerpt":{"rendered":"<p>Sibylle Kefer&#8220;komfortzone&#8220;(sie-records\/Hoanzl)digital Single V\u00d6 6.9.24 https:\/\/www.artistcamp.com\/SmartLinks\/9006472044239\/ Sibylle Kefers erster ver\u00f6ffentlichter neuer Song in der Kontinuit\u00e4t des Albums \u201ehoid&#8220; als Solo-K\u00fcnstlerin und Band-Leaderin, versteht sich als \u201egesellschaftspolitischer Spiegel zum Klimawandelthema&#8220;. Ein dringliches Thema, das uns l\u00e4nger und extremer begleiten wird, als uns lieb ist. Musikalisch und inhaltlich eine in die Zukunft zeigende Standortbestimmung, die sich mit [&hellip;]<\/p>\n","protected":false},"author":2,"featured_media":0,"comment_status":"closed","ping_status":"","sticky":false,"template":"","format":"standard","meta":{"footnotes":""},"categories":[1],"tags":[],"class_list":["post-2180","post","type-post","status-publish","format-standard","hentry","category-allgemein"],"_links":{"self":[{"href":"https:\/\/www.sibyllekefer.at\/blog\/wp-json\/wp\/v2\/posts\/2180","targetHints":{"allow":["GET"]}}],"collection":[{"href":"https:\/\/www.sibyllekefer.at\/blog\/wp-json\/wp\/v2\/posts"}],"about":[{"href":"https:\/\/www.sibyllekefer.at\/blog\/wp-json\/wp\/v2\/types\/post"}],"author":[{"embeddable":true,"href":"https:\/\/www.sibyllekefer.at\/blog\/wp-json\/wp\/v2\/users\/2"}],"replies":[{"embeddable":true,"href":"https:\/\/www.sibyllekefer.at\/blog\/wp-json\/wp\/v2\/comments?post=2180"}],"version-history":[{"count":1,"href":"https:\/\/www.sibyllekefer.at\/blog\/wp-json\/wp\/v2\/posts\/2180\/revisions"}],"predecessor-version":[{"id":2181,"href":"https:\/\/www.sibyllekefer.at\/blog\/wp-json\/wp\/v2\/posts\/2180\/revisions\/2181"}],"wp:attachment":[{"href":"https:\/\/www.sibyllekefer.at\/blog\/wp-json\/wp\/v2\/media?parent=2180"}],"wp:term":[{"taxonomy":"category","embeddable":true,"href":"https:\/\/www.sibyllekefer.at\/blog\/wp-json\/wp\/v2\/categories?post=2180"},{"taxonomy":"post_tag","embeddable":true,"href":"https:\/\/www.sibyllekefer.at\/blog\/wp-json\/wp\/v2\/tags?post=2180"}],"curies":[{"name":"wp","href":"https:\/\/api.w.org\/{rel}","templated":true}]}}