{"id":2203,"date":"2024-11-08T13:55:23","date_gmt":"2024-11-08T11:55:23","guid":{"rendered":"https:\/\/www.sibyllekefer.at\/blog\/?p=2203"},"modified":"2024-11-22T13:59:49","modified_gmt":"2024-11-22T11:59:49","slug":"schimmelaesthetik-als-gradmesser","status":"publish","type":"post","link":"https:\/\/www.sibyllekefer.at\/blog\/schimmelaesthetik-als-gradmesser\/","title":{"rendered":"schimmel\u00e4sthetik als gradmesser?"},"content":{"rendered":"\n<figure class=\"wp-block-image\"><img decoding=\"async\" src=\"https:\/\/mcusercontent.com\/a43bae89aa1be0829f9bdb678\/images\/b379a7a5-8e95-92d2-351c-8ca589c8859b.jpg\" alt=\"\"\/><\/figure>\n\n\n\n<p><a href=\"https:\/\/www.spektrum-aschach.at\/event\/sibylle-kefer-band\/\" target=\"_blank\" rel=\"noreferrer noopener\">MEGA Livefoto @Martin Winzisch &#x2764;&#xfe0f;&#x1f64f;&#x1f3b5;aus dem rhiz vienna<\/a><\/p>\n\n\n\n<p><a href=\"https:\/\/www.spektrum-aschach.at\/event\/sibylle-kefer-band\/\" target=\"_blank\" rel=\"noreferrer noopener\">Anna Tropper-Lener, Chris Pruckner, Sarah Brait &amp; Sibylle Kefer<\/a><\/p>\n\n\n\n<p>B\u00c4M. wo soll ich starten?<\/p>\n\n\n\n<p>ich starte mit etwas wirklich sehr erbaulichem:<\/p>\n\n\n\n<p>aschach an der donau, meine band und ich kommen morgen samstag zu euch!<\/p>\n\n\n\n<p>seid ihr bereit f\u00fcr uns? wir freuen uns schon sehr und bringen neues material mit!<\/p>\n\n\n\n<p>sibylle kefer und band<\/p>\n\n\n\n<p>samstag, 09.11.2024 aschach\/donau im spektrum, tischlerei am schopperplatz. <a href=\"https:\/\/www.facebook.com\/BassLocke?__cft__[0]=AZUSnYyS96_m-qdeMzGC-rmXSHRVnvsoFfKNf7OhP6OsPudY5uRQ8FSoHZWl_O2VMwUe5tSyDfmopcQ8S0yCt3Kc__nBH0uAd1sr8X61g5gjVn3ThqtnF8L70iicbXqmSuucsdW-qFFfPYmmwNw3NIWNyD1CzQuELsVwtV-vBCeQIDsCmiWGpKbfZ2G6VkkM2QE&amp;__tn__=-]K-R\">Sarah Brait<\/a>, <a href=\"https:\/\/www.facebook.com\/gai.inkognito?__cft__[0]=AZUSnYyS96_m-qdeMzGC-rmXSHRVnvsoFfKNf7OhP6OsPudY5uRQ8FSoHZWl_O2VMwUe5tSyDfmopcQ8S0yCt3Kc__nBH0uAd1sr8X61g5gjVn3ThqtnF8L70iicbXqmSuucsdW-qFFfPYmmwNw3NIWNyD1CzQuELsVwtV-vBCeQIDsCmiWGpKbfZ2G6VkkM2QE&amp;__tn__=-]K-R\">Chris Pruckner<\/a>, <a href=\"https:\/\/www.facebook.com\/profile.php?id=100014501714986&amp;__cft__[0]=AZUSnYyS96_m-qdeMzGC-rmXSHRVnvsoFfKNf7OhP6OsPudY5uRQ8FSoHZWl_O2VMwUe5tSyDfmopcQ8S0yCt3Kc__nBH0uAd1sr8X61g5gjVn3ThqtnF8L70iicbXqmSuucsdW-qFFfPYmmwNw3NIWNyD1CzQuELsVwtV-vBCeQIDsCmiWGpKbfZ2G6VkkM2QE&amp;__tn__=-]K-R\">Anna Tropper<\/a><\/p>\n\n\n\n<p>Karten + Infos: <a href=\"https:\/\/www.spektrum-aschach.at\/event\/sibylle-kefer-band\/?fbclid=IwZXh0bgNhZW0CMTAAAR1ymUfUqFJYxEqJHi-pNXdUl_HaDm5TAG5xYbuHdbEgyFtrhQ1UGuG-XGM_aem_aWKWIX9XUSp_uNj1Eb3aZQ\" rel=\"noreferrer noopener\" target=\"_blank\">https:\/\/www.spektrum-aschach.at\/event\/sibylle-kefer-band\/<\/a><\/p>\n\n\n\n<p>und was wirklich auch mega feiernsw\u00fcrdig ist:<\/p>\n\n\n\n<p>meine langj\u00e4hrige freundin <a href=\"https:\/\/www.facebook.com\/litha.alloveryou?__cft__[0]=AZUSnYyS96_m-qdeMzGC-rmXSHRVnvsoFfKNf7OhP6OsPudY5uRQ8FSoHZWl_O2VMwUe5tSyDfmopcQ8S0yCt3Kc__nBH0uAd1sr8X61g5gjVn3ThqtnF8L70iicbXqmSuucsdW-qFFfPYmmwNw3NIWNyD1CzQuELsVwtV-vBCeQIDsCmiWGpKbfZ2G6VkkM2QE&amp;__tn__=-]K-R\">Litha<\/a> hat heute ihre albumreleaseshow im radiokulturhaus wien. kennengelernt hab ich sie, als sie 18 war und bei mir zu studieren begann. und seht, was sie aus sich gemacht hat &#8211; so proud of this great human being!!! &#x2764;&#xfe0f;&#x1f4a5;&#x1f4aa;&#x1f3fc;<\/p>\n\n\n\n<p>&#8212;&#8212;&#8212;-<\/p>\n\n\n\n<p>ich frage mich, worum es wohl gerade gehen k\u00f6nnte in meinem leben. in unserem leben.<\/p>\n\n\n\n<p>anf\u00fchlen tut es sich wie eine challenge.<\/p>\n\n\n\n<p>f\u00fcr eine challenge, oder zumindest f\u00fcr die definition dieses wortes in meinem hinterkopf, die ich damit assoziiere ist das, was ich gerade erlebe aber zu ernst. zu schwer, zu intensiv. eigentlich f\u00fchlt es sich eher wie eine pr\u00fcfung an. eine, die wir bestehen sollten, damit es weitergehen kann.<\/p>\n\n\n\n<p>eine*r von uns ist krank.<\/p>\n\n\n\n<p>eh schon ein bisschen l\u00e4nger, zwar leise, manchmal sp\u00fcrbar, aber immer wieder doch auch noch ein bisschen verdr\u00e4ngbar, immer ein bisschen von hinten, schon auch ein bisschen bedrohlich, aber immer wieder zerpfl\u00fcckt, angeschossen, zerteilt und verschoben.<\/p>\n\n\n\n<p>und jetzt da.<\/p>\n\n\n\n<p>ein bild tut sich in mir auf. ich ziehe einen vergleich. komisch.<\/p>\n\n\n\n<p>ich stelle mir schimmel vor.<\/p>\n\n\n\n<figure class=\"wp-block-image\"><img decoding=\"async\" src=\"https:\/\/mcusercontent.com\/a43bae89aa1be0829f9bdb678\/images\/9ebbef3b-7aca-59a1-0d98-62cc7f028518.png\" alt=\"\"\/><\/figure>\n\n\n\n<p>schimmel kann so \u00e4sthetisch sein.<\/p>\n\n\n\n<p>durch ein mikroskop betrachtet zum beispiel.<\/p>\n\n\n\n<p>wenn er sich, erst noch recht unsichtbar, durchwebt durch die anderen stofflichkeiten, wie ein tanz mit den sch\u00f6nsten schleiern.<\/p>\n\n\n\n<p>und seine gestalt &#8211; eigentlich so sch\u00f6n leicht und kristallern und vielf\u00e4ltig. ein einblumenmuster.<\/p>\n\n\n\n<p>und doch. gef\u00e4hrlich kann er sein, wenn man ihn nicht rechtzeitig stoppt, wenn man ihn \u00fcbersieht oder untersch\u00e4tzt. keine bunte blumenvielfaltswiese.<\/p>\n\n\n\n<p>es ist wohl wiedermal die dosis.<\/p>\n\n\n\n<p>und, was machen wir jetzt mit unserem schimmel? wie betrachten wir ihn? wir gehen wir mit ihm um?<\/p>\n\n\n\n<p>ich meine UNSEREN schimmel. unser aller schimmel. schimmel als chance? als teil eines gr\u00f6\u00dferen ganzen? als teil einer \u00e4sthetik? als hinweis? als zeuge einer bestimmten zeit?<\/p>\n\n\n\n<p>ernstnehmen. wichtignehmen. nicht bagatellisieren. nicht wegschauen.<\/p>\n\n\n\n<p>und nicht aufgeben. nicht in die depression schlittern. das ist ein sich nach innen richtender prozess. wenn, dann als gradmesserin. als einsch\u00e4tzungshilfe und durchgangsposten. nicht zum verweilen.<\/p>\n\n\n\n<p>in die aktion zur\u00fcckkommen. verkn\u00fcpfen, solidarisieren. w\u00fctend sein, das ist ein aktives gef\u00fchl und man bleibt in der selbstwirksamkeit.<\/p>\n\n\n\n<p>dranbleiben. zusammenhalten. beleuchten und entschleiern.<\/p>\n\n\n\n<p>frau k\u00f6nnte die schimmel-metapher noch voll ausweiten. nur &#8211; die zeit fehlt.<\/p>\n\n\n\n<p>ich schenke euch die assoziation weiter.<\/p>\n\n\n\n<p>schenkt ihr mir\/uns ankn\u00fcpfende gedanken- und aktionsspiele?<\/p>\n\n\n\n<p>let\u00b4s do it.<\/p>\n\n\n\n<p>und nicht vergessen:<\/p>\n\n\n\n<p><a href=\"https:\/\/sibyllekefer.us21.list-manage.com\/track\/click?u=a43bae89aa1be0829f9bdb678&amp;id=fb8dcdfb45&amp;e=de2b132c44\">\u201csie fiacht si liawa nit. sie fiacht si liawa nit. sie tuat si neich orientiern. weil fiachtn bringt sies nit. beim fiachtn wiast so miad. und hoffnung wiad blangiert. \u201c (auszug aus \u201cliawa hoffnung\u201d)<\/a><\/p>\n\n\n\n<p>alles liebe<\/p>\n\n\n\n<p>sibylle<\/p>\n\n\n\n<p>management: Rainer Krispel<\/p>\n\n\n\n<p><a href=\"https:\/\/sibyllekefer.us21.list-manage.com\/track\/click?u=a43bae89aa1be0829f9bdb678&amp;id=f0734f7b07&amp;e=de2b132c44\">booking: http:\/\/www.tivoli-agency.com; Christian Dent K\u00f6nig<\/a>&nbsp;<\/p>\n","protected":false},"excerpt":{"rendered":"<p>MEGA Livefoto @Martin Winzisch &#x2764;&#xfe0f;&#x1f64f;&#x1f3b5;aus dem rhiz vienna Anna Tropper-Lener, Chris Pruckner, Sarah Brait &amp; Sibylle Kefer B\u00c4M. wo soll ich starten? ich starte mit etwas wirklich sehr erbaulichem: aschach an der donau, meine band und ich kommen morgen samstag zu euch! seid ihr bereit f\u00fcr uns? wir freuen uns schon sehr und bringen neues [&hellip;]<\/p>\n","protected":false},"author":2,"featured_media":0,"comment_status":"closed","ping_status":"","sticky":false,"template":"","format":"standard","meta":{"footnotes":""},"categories":[1],"tags":[],"class_list":["post-2203","post","type-post","status-publish","format-standard","hentry","category-allgemein"],"_links":{"self":[{"href":"https:\/\/www.sibyllekefer.at\/blog\/wp-json\/wp\/v2\/posts\/2203","targetHints":{"allow":["GET"]}}],"collection":[{"href":"https:\/\/www.sibyllekefer.at\/blog\/wp-json\/wp\/v2\/posts"}],"about":[{"href":"https:\/\/www.sibyllekefer.at\/blog\/wp-json\/wp\/v2\/types\/post"}],"author":[{"embeddable":true,"href":"https:\/\/www.sibyllekefer.at\/blog\/wp-json\/wp\/v2\/users\/2"}],"replies":[{"embeddable":true,"href":"https:\/\/www.sibyllekefer.at\/blog\/wp-json\/wp\/v2\/comments?post=2203"}],"version-history":[{"count":3,"href":"https:\/\/www.sibyllekefer.at\/blog\/wp-json\/wp\/v2\/posts\/2203\/revisions"}],"predecessor-version":[{"id":2207,"href":"https:\/\/www.sibyllekefer.at\/blog\/wp-json\/wp\/v2\/posts\/2203\/revisions\/2207"}],"wp:attachment":[{"href":"https:\/\/www.sibyllekefer.at\/blog\/wp-json\/wp\/v2\/media?parent=2203"}],"wp:term":[{"taxonomy":"category","embeddable":true,"href":"https:\/\/www.sibyllekefer.at\/blog\/wp-json\/wp\/v2\/categories?post=2203"},{"taxonomy":"post_tag","embeddable":true,"href":"https:\/\/www.sibyllekefer.at\/blog\/wp-json\/wp\/v2\/tags?post=2203"}],"curies":[{"name":"wp","href":"https:\/\/api.w.org\/{rel}","templated":true}]}}