{"id":2282,"date":"2025-06-16T00:29:00","date_gmt":"2025-06-15T22:29:00","guid":{"rendered":"https:\/\/www.sibyllekefer.at\/blog\/?p=2282"},"modified":"2025-07-07T12:37:21","modified_gmt":"2025-07-07T10:37:21","slug":"alles-und-nichts","status":"publish","type":"post","link":"https:\/\/www.sibyllekefer.at\/blog\/alles-und-nichts\/","title":{"rendered":"alles und nichts\u00a0"},"content":{"rendered":"\n<h1 class=\"wp-block-heading\">aber jedenfalls &#x2764;&#xfe0f; 30 JAHRE INTEGRATIONSHAUS WIEN ARENA OPEN AIR am 25.06.2025&#x2764;&#xfe0f;<\/h1>\n\n\n\n<figure class=\"wp-block-image\"><img decoding=\"async\" src=\"https:\/\/mcusercontent.com\/a43bae89aa1be0829f9bdb678\/images\/573266b9-f936-6ece-bc47-13f058b9aba9.jpg\" alt=\"\"\/><\/figure>\n\n\n\n<figure class=\"wp-block-table\"><table class=\"has-fixed-layout\"><tbody><tr><td>oh weh, ich kann nicht schlafen.<br><br>das ist ung\u00fcnstig. heute warten viele therapien auf mich und sie fangen fr\u00fch an.<br>macht nichts. hilft eh nicht.<br><br>und &#8211; so lange schon m\u00f6chte ich euch schreiben, liebe leute.\u00a0ich finde aber nicht so recht die richtigen worte und auch nicht die richtige geschichte.<br>wenn ich glaube, ich habs, ist es doch wieder weg am n\u00e4chsten tag und dann war es entweder nicht das richtige oder das stark genuge \u00a0narrativ, oder nicht der richtige zeitpunkt &#8211; zumindest nicht mein richtiger.<br><br>ich k\u00f6nnte verweisen auf die letzten beiden podcastfolgen, die sich einerseits mit den aktuellen so dramatischen tagespolitischen und zivilgesellschaftlichen geschehnissen einerseits und auch mit meinen pers\u00f6nlichen k\u00f6rperlichen und damit auch gesellschaftsstrukturellen ver\u00e4nderungen andererseits besch\u00e4ftigen und diese narrative auslagern.<br><br>das mache ich &#8211; hier sind sie:<br>https:\/\/www.buzzsprout.com\/2275336\/episodes\/17321718-allgemein-gehalten.mp3?download=true<br>https:\/\/www.buzzsprout.com\/2275336\/episodes\/17243125-wechselbeschwerden-und-das-projekt-der-aufklarung-in-osterreich-mit-delayschleife.mp3?download=true<br><br><a href=\"https:\/\/www.sibyllekefer.at\/blog\/podcast-krispelkefer\/\">https:\/\/www.sibyllekefer.at\/blog\/podcast-krispelkefer\/<\/a><br><br><br>ich k\u00f6nnte &#8211; und ja, ich m\u00f6chte unbedingt &#8211; auf das gro\u00dfe 30 jahre integrationshaus wien fest hinweisen, bei dem ich mit meiner sibylle kefer band er\u00f6ffnen werde, was mir beim blo\u00dfen hindenken jedes mal die schuhe auszieht, so beschenkt f\u00fchle ich mich und so flatternd reagiert mein herz und mein magen.<br><br>kommt doch, das wird ein sehr sehr sch\u00f6ner abend werden, schauts aus, mit wunderbaren menschinen! und jeder von uns macht es ganzer und bunter und gl\u00e4nzender und vielf\u00e4ltiger.<br><br>danach ist mir gerade sehr &#8211; nach vielfalt, die miteinander will und kann.<br><br>w\u00e4hrend ich es schreibe, ertappe ich mich dabei, mich wie eine alte hippine zu f\u00fchlen, die den ruf der zeit \u00fcberh\u00f6rt hat &#8211; ja ist es denn die m\u00f6glichkeit, dieses gef\u00fchl in mir zu sp\u00fcren, w\u00e4hrend ich mir vorstelle, dass wir gemeinsam einen tollen abend erleben?!<br><br>da ist doch was ganz sch\u00f6n verr\u00fcckt (geworden). ich r\u00fccke es jetzt in mir zuRECHT.<br>so.<br>ich glaube, dass das nicht nur m\u00f6glich, sondern gut ist und sch\u00f6n und bunt und NORMal.<br><br><br>olla &#8211; jetzt steht da schon viel, dabei hab ich noch immer kein narrativ\u2026<br>ein paar d\u00e4monen meiner vergangenheit suchen mich gerade ab und an heim &#8211; in der arbeit, in der gruppendynamik, in der hierarchie.<br><br><br>ich erkenne sie so schnell, dass mir schwindlig wird.\u00a0<br>step one, done.<br><br><br>bennenen, ansprechen. durchatmen, nicht zu lange warten. step two, teilweise done.<br>kolleg*innen herzen, sprechen, sein.\u00a0<br><br><br>weiter wei\u00df ich noch nicht.<br>macht nichts &#8211; ist eh weit.<br><br><br>kommt ihr am mittwoch, den 25.06.2025 in die arena?\u00a0<br><br>https:\/\/arena.wien\/Home\/Programm-Detail\/concert-id\/48207<\/td><\/tr><\/tbody><\/table><\/figure>\n\n\n\n<figure class=\"wp-block-image\"><img decoding=\"async\" src=\"https:\/\/mcusercontent.com\/a43bae89aa1be0829f9bdb678\/images\/f0d3889b-3442-1113-ee98-752a5e1ee421.png\" alt=\"\"\/><\/figure>\n\n\n\n<p><br><a href=\"http:\/\/www.beamensch.at\/arena\" target=\"_blank\" rel=\"noreferrer noopener\">www.beamensch.at\/arena<\/a><br><a href=\"http:\/\/www.beamensch.at\/arena\" target=\"_blank\" rel=\"noreferrer noopener\">https:\/\/www.sibyllekefer.at\/blog\/news\/<\/a><br><br><br>kommt p\u00fcnktlich, wir er\u00f6ffnen um 19 uhr, es w\u00e4re sehr schade, uns zu vers\u00e4umen! ich m\u00f6chte mit euch feiern!<br>w24 wird live \u00fcbertragen.<\/p>\n\n\n\n<p><br>eine kleine anekdote habe ich noch:<br><br>jahrzehntelang war es mir SEHR wichtig, mit dem gewand abends auf die b\u00fchne zu gehen, mit dem ich in der fr\u00fch mein(e) kind(er) zur schule gebracht, dann mit den therapiekindern gespielt, geweint, containt, sie affektreguliert und mit ihnen reflektiert hatte und schlie\u00dflich verschwitzt zum soundcheck gekommen war. es w\u00e4re logistisch gar nicht anders m\u00f6glich gewesen. ich wollte aber auch, dass man sieht, dass ich es nur so schaffe, dass ich es mir nicht aussuchen kann. dass ich es anders machen w\u00fcrde, wenn ich k\u00f6nnte, aber nicht kann. und dass ich erhobenen hauptes komme, weil ich mir auch \u00fcberlegt habe, was ich an diesem tag in der fr\u00fch anziehen werde, weil es stark genug f\u00fcr diesen meinen intensiven ganzen tag ist.<br>und nun, wo alle meine kinder gr\u00f6\u00dfer werden, und ich endlich auch mit meiner eigenen musik so weit gekommen bin mir echt \u00fcberlegen zu k\u00f6nnen, wie ich m\u00f6chte, dass wir aussehen (das ist eine ganz neue erfahrung!), ist das, worauf wir uns letzte woche geeinigt hatten ausverkauft. weg wars.<br><br><br>macht nichts.<br><br><br>wenn ihr da sein werdet, wirds sch\u00f6n gewesen sein.<br><br><br>ich freu mich drauf!<br><br><br>alles liebe,<br><br><br>sibylle<\/p>\n","protected":false},"excerpt":{"rendered":"<p>aber jedenfalls &#x2764;&#xfe0f; 30 JAHRE INTEGRATIONSHAUS WIEN ARENA OPEN AIR am 25.06.2025&#x2764;&#xfe0f; oh weh, ich kann nicht schlafen. das ist ung\u00fcnstig. heute warten viele therapien auf mich und sie fangen fr\u00fch an.macht nichts. hilft eh nicht. und &#8211; so lange schon m\u00f6chte ich euch schreiben, liebe leute.\u00a0ich finde aber nicht so recht die richtigen worte [&hellip;]<\/p>\n","protected":false},"author":2,"featured_media":0,"comment_status":"closed","ping_status":"","sticky":false,"template":"","format":"standard","meta":{"footnotes":""},"categories":[1],"tags":[],"class_list":["post-2282","post","type-post","status-publish","format-standard","hentry","category-allgemein"],"_links":{"self":[{"href":"https:\/\/www.sibyllekefer.at\/blog\/wp-json\/wp\/v2\/posts\/2282","targetHints":{"allow":["GET"]}}],"collection":[{"href":"https:\/\/www.sibyllekefer.at\/blog\/wp-json\/wp\/v2\/posts"}],"about":[{"href":"https:\/\/www.sibyllekefer.at\/blog\/wp-json\/wp\/v2\/types\/post"}],"author":[{"embeddable":true,"href":"https:\/\/www.sibyllekefer.at\/blog\/wp-json\/wp\/v2\/users\/2"}],"replies":[{"embeddable":true,"href":"https:\/\/www.sibyllekefer.at\/blog\/wp-json\/wp\/v2\/comments?post=2282"}],"version-history":[{"count":2,"href":"https:\/\/www.sibyllekefer.at\/blog\/wp-json\/wp\/v2\/posts\/2282\/revisions"}],"predecessor-version":[{"id":2284,"href":"https:\/\/www.sibyllekefer.at\/blog\/wp-json\/wp\/v2\/posts\/2282\/revisions\/2284"}],"wp:attachment":[{"href":"https:\/\/www.sibyllekefer.at\/blog\/wp-json\/wp\/v2\/media?parent=2282"}],"wp:term":[{"taxonomy":"category","embeddable":true,"href":"https:\/\/www.sibyllekefer.at\/blog\/wp-json\/wp\/v2\/categories?post=2282"},{"taxonomy":"post_tag","embeddable":true,"href":"https:\/\/www.sibyllekefer.at\/blog\/wp-json\/wp\/v2\/tags?post=2282"}],"curies":[{"name":"wp","href":"https:\/\/api.w.org\/{rel}","templated":true}]}}