{"id":2286,"date":"2025-08-29T08:00:00","date_gmt":"2025-08-29T06:00:00","guid":{"rendered":"https:\/\/www.sibyllekefer.at\/blog\/?p=2286"},"modified":"2025-09-29T11:16:46","modified_gmt":"2025-09-29T09:16:46","slug":"reflexionsprozesse-und-heute-ein-langes-sibyllekeferliveset-bei-einem-kinderfest-in-wien","status":"publish","type":"post","link":"https:\/\/www.sibyllekefer.at\/blog\/reflexionsprozesse-und-heute-ein-langes-sibyllekeferliveset-bei-einem-kinderfest-in-wien\/","title":{"rendered":"Reflexionsprozesse und HEUTE ein langes SibylleKeferLiveSet bei einem Kinderfest in Wien"},"content":{"rendered":"\n<figure class=\"wp-block-image size-large\"><img loading=\"lazy\" decoding=\"async\" width=\"769\" height=\"1024\" src=\"https:\/\/www.sibyllekefer.at\/blog\/wp-content\/uploads\/\/image-3-769x1024.jpeg\" alt=\"\" class=\"wp-image-2288\" srcset=\"https:\/\/www.sibyllekefer.at\/blog\/wp-content\/uploads\/image-3-769x1024.jpeg 769w, https:\/\/www.sibyllekefer.at\/blog\/wp-content\/uploads\/image-3-225x300.jpeg 225w, https:\/\/www.sibyllekefer.at\/blog\/wp-content\/uploads\/image-3-768x1022.jpeg 768w, https:\/\/www.sibyllekefer.at\/blog\/wp-content\/uploads\/image-3-1154x1536.jpeg 1154w, https:\/\/www.sibyllekefer.at\/blog\/wp-content\/uploads\/image-3-1539x2048.jpeg 1539w, https:\/\/www.sibyllekefer.at\/blog\/wp-content\/uploads\/image-3-scaled.jpeg 1923w\" sizes=\"auto, (max-width: 769px) 100vw, 769px\" \/><\/figure>\n\n\n\n<figure class=\"wp-block-table\"><table class=\"has-fixed-layout\"><tbody><tr><td><\/td><td><\/td><\/tr><\/tbody><\/table><\/figure>\n\n\n\n<p>Ja, ich muss doch sagen, da ist viel passiert in letzter Zeit.<\/p>\n\n\n\n<p>Auf der Welt, wie immer, und auch in meinem Leben.<\/p>\n\n\n\n<p>Eine dabei hervorstechende Komponente ist diese:<\/p>\n\n\n\n<p>Ich hatte bereits als junge Frau ein paar sehr klare Vorstellungen, von dem, was ich erreichen m\u00f6chte.<\/p>\n\n\n\n<p>Ich lie\u00df mich auch immer wieder treiben, aber bestimmte Dinge habe ich mir recht konkret vorgestellt. Das wird mir in der Rekapitulation meines bisherigen Lebens bewu\u00dfter (ich bin 49, eine Rekapitulation ist schon gut m\u00f6glich).<\/p>\n\n\n\n<p>Manches davon hat sich auch wieder aufgel\u00f6st oder verfl\u00fcchtigt, sehr vieles habe ich wirklich umgesetzt.<\/p>\n\n\n\n<p>Und dann gibt es die Dinge, die ich nicht geschafft habe, oder die mir Strukturen nicht erm\u00f6glicht haben, oder die ich aus anderen Gr\u00fcnden nicht erreichen konnte, aber gerne gewollt h\u00e4tte.<\/p>\n\n\n\n<p>Das sind nicht viele Dinge.<\/p>\n\n\n\n<p>Ich erlebe mich &#8211; zumindest \u00f6fter als zwischenzeitlich &#8211; als zufrieden und immer wieder erstaunt, wie gut es mir geht und was alles gegl\u00fcckt ist.<\/p>\n\n\n\n<p>Auch, wo wann wie gute Umst\u00e4nde zusammenzutreffen schienen, damit so vieles umsetzbar wurde.<\/p>\n\n\n\n<p>Und auch, wo meine pers\u00f6nlichen Anteile zu liegen scheinen.<\/p>\n\n\n\n<p>Eine sehr konkrete Sachen habe ich diesen Sommer schmerzlich verstanden, werde ich wohl nicht mehr schaffen in diesem Leben.<\/p>\n\n\n\n<p>Das hat mich auf mehreren Ebenen besch\u00e4ftigt.<\/p>\n\n\n\n<p>Einerseits, weil ich glaube, dass ich eine gute Wahl (gewesen) w\u00e4re f\u00fcr diese Sache. Ich halte oder hielt mich die letzten Jahre als geeignet &#8211; ich halte auch viele andere als sehr gut geeignet, das erleichtert den Verarbeitungs- und Verabschiedungsprozess.<\/p>\n\n\n\n<p>Was ich dadurch auch anschauen muss:<\/p>\n\n\n\n<p>Wie ist die Qualit\u00e4t meines Angebots?<\/p>\n\n\n\n<p>Wie ist meine Pr\u00e4sentation dieser Qualit\u00e4t?<\/p>\n\n\n\n<p>Wie realistisch bin ich in Bezug auf meine Qualit\u00e4t und meine Selbst- und Fremdwahrnehmung und -einsch\u00e4tzung?<\/p>\n\n\n\n<p>Wieso st\u00f6\u00dft man(frau?) nicht auf mich, bzw. falls doch, wieso gen\u00fcgt es nicht?<\/p>\n\n\n\n<p>Ich besch\u00e4ftige mich also gerade mit wie ich finde interessanten Reflexionsfragen.<\/p>\n\n\n\n<p>Im Zuge dessen merke ich, dass ich im \u00dcbrigen auch finde, es w\u00fcrde unserem gesellschaftlichen Gef\u00fcge sehr gut tun, wenn sich viel mehr Menschen immer wieder mit diesen interessanten Reflexionsfragen besch\u00e4ftigen w\u00fcrden. Und dar\u00fcber hinaus finde ich vor allem, sie sollten dies nicht alleine, sondern mit einem echten, ehrlichen und im besten Falle auch geschulten Gegen\u00fcber machen.<\/p>\n\n\n\n<p>So weit zum ersten Teil.<\/p>\n\n\n\n<p>Mir geht es wieder gut, ich habe viel gelernt &#8211; \u00fcber mich, aber auch \u00fcber wirklich gute Freundschaft, \u00fcber wirklich echte Beziehungsangebote und \u00fcber wirklich haltende Familienstrukturen.<\/p>\n\n\n\n<p>Und ich habe viel gelernt \u00fcber meine Grenzen.<\/p>\n\n\n\n<p>Ich glaube, ich m\u00f6chte nicht mehr so oft auf meine eigenen Kosten \u00fcber meine eigenen Grenzen gehen, wenn ich es auch anders regeln kann.<\/p>\n\n\n\n<p>Manchmal m\u00f6chte ich es aber auch weiterhin schon tun.<\/p>\n\n\n\n<p><\/p>\n\n\n\n<p><strong>2. Teil &#8211; LIVE!!!<\/strong><\/p>\n\n\n\n\n\n<figure class=\"wp-block-image\"><img decoding=\"async\" src=\"https:\/\/mcusercontent.com\/a43bae89aa1be0829f9bdb678\/images\/b956c9e9-2571-08ab-77a1-e2a8450b0db3.jpeg\" alt=\"\"\/><\/figure>\n\n\n\n<p>F\u00fcr K\u00fcrzestentschlossene:<\/p>\n\n\n\n<p>Ich spiele <strong>HEUTE<\/strong> um 16.30 ein eineinhalb Stunden dauerndes Set mit meinen eigenen Liedern auf einem Kinderfest in Wien.<\/p>\n\n\n\n<p>Ich freue mich darauf sehr, in der heutigen Vorbereitung habe ich gemerkt, dass ich glaube, die Kinderohren werden f\u00fcr die meisten meiner Lieder eine sehr gute Resonanzfl\u00e4che sein. Ich hab sie jedenfalls gut eingestellt &#8211; die Lieder, nicht die Kinder.<\/p>\n\n\n\n<p>Wir werden also sehen.<\/p>\n\n\n\n<p><strong>3. Teil:<\/strong><\/p>\n\n\n\n<p>Die Zeit fliegt, es gibt bald neue Musik von mir.<\/p>\n\n\n\n<p>Ich werde dazu einen eigenen Newsletter verfassen.<\/p>\n\n\n\n<p>Aber, wenn ihr meine Musik m\u00f6gt, darf ich die Vorfreude schon ein bisschen zu teilen beginnen hier.<\/p>\n\n\n\n<p>Ich freue mich \u00fcber R\u00fcckmeldung, eigene erfahrungsberichte und Gedankenanregungen!<\/p>\n\n\n\n<p>Alles Liebe,<\/p>\n\n\n\n<p>Sibylle<\/p>\n","protected":false},"excerpt":{"rendered":"<p>Ja, ich muss doch sagen, da ist viel passiert in letzter Zeit. Auf der Welt, wie immer, und auch in meinem Leben. Eine dabei hervorstechende Komponente ist diese: Ich hatte bereits als junge Frau ein paar sehr klare Vorstellungen, von dem, was ich erreichen m\u00f6chte. Ich lie\u00df mich auch immer wieder treiben, aber bestimmte Dinge [&hellip;]<\/p>\n","protected":false},"author":2,"featured_media":0,"comment_status":"closed","ping_status":"","sticky":false,"template":"","format":"standard","meta":{"footnotes":""},"categories":[1],"tags":[],"class_list":["post-2286","post","type-post","status-publish","format-standard","hentry","category-allgemein"],"_links":{"self":[{"href":"https:\/\/www.sibyllekefer.at\/blog\/wp-json\/wp\/v2\/posts\/2286","targetHints":{"allow":["GET"]}}],"collection":[{"href":"https:\/\/www.sibyllekefer.at\/blog\/wp-json\/wp\/v2\/posts"}],"about":[{"href":"https:\/\/www.sibyllekefer.at\/blog\/wp-json\/wp\/v2\/types\/post"}],"author":[{"embeddable":true,"href":"https:\/\/www.sibyllekefer.at\/blog\/wp-json\/wp\/v2\/users\/2"}],"replies":[{"embeddable":true,"href":"https:\/\/www.sibyllekefer.at\/blog\/wp-json\/wp\/v2\/comments?post=2286"}],"version-history":[{"count":4,"href":"https:\/\/www.sibyllekefer.at\/blog\/wp-json\/wp\/v2\/posts\/2286\/revisions"}],"predecessor-version":[{"id":2291,"href":"https:\/\/www.sibyllekefer.at\/blog\/wp-json\/wp\/v2\/posts\/2286\/revisions\/2291"}],"wp:attachment":[{"href":"https:\/\/www.sibyllekefer.at\/blog\/wp-json\/wp\/v2\/media?parent=2286"}],"wp:term":[{"taxonomy":"category","embeddable":true,"href":"https:\/\/www.sibyllekefer.at\/blog\/wp-json\/wp\/v2\/categories?post=2286"},{"taxonomy":"post_tag","embeddable":true,"href":"https:\/\/www.sibyllekefer.at\/blog\/wp-json\/wp\/v2\/tags?post=2286"}],"curies":[{"name":"wp","href":"https:\/\/api.w.org\/{rel}","templated":true}]}}