{"id":2326,"date":"2025-12-11T23:59:21","date_gmt":"2025-12-11T21:59:21","guid":{"rendered":"https:\/\/www.sibyllekefer.at\/blog\/?p=2326"},"modified":"2025-12-11T23:59:21","modified_gmt":"2025-12-11T21:59:21","slug":"des-irre-on-dir-bist-du","status":"publish","type":"post","link":"https:\/\/www.sibyllekefer.at\/blog\/des-irre-on-dir-bist-du\/","title":{"rendered":"des irre on dir bist du"},"content":{"rendered":"\n<p>liebe menschen,<\/p>\n\n\n\n<p><a><\/a>heute in aller k\u00fcrze (also f\u00fcr meine verh\u00e4ltnisse):<\/p>\n\n\n\n<p>robert rotifer hat mein neues album auf fm4 heartbeat mit folgenden worten vorangek\u00fcndigt:<\/p>\n\n\n\n<p>\u201ema w\u00fc v\u00fc\u201c. der titelsong des neuen albums von sibylle kefer, das sie wieder in partnerschaft mit martin siewert produziert hat &#8211; es erscheint am 30. j\u00e4nner, und ist vielleicht ihr bisher st\u00e4rkstes, bei starker konkurrenz der vorherigen.<\/p>\n\n\n\n<p>was f\u00fcr eine entwicklungsgeschichte diese frau da durchmacht.<\/p>\n\n\n\n<p>ich bin sehr dankbar und auch ganz sch\u00f6n dem\u00fctig ob dieser unterst\u00fctzenden worte und dem airplay, lieber robert rotifer!<\/p>\n\n\n\n<p>und so geht es nun endlich mit z\u00fcgigen schritten wirklich richtung ver\u00f6ffentlichung.<\/p>\n\n\n\n<p>zweimal gibt es davor noch was zu h\u00f6ren und zu sehen:<\/p>\n\n\n\n<p>heute um mitternacht, sozusagen morgen um 00:00 uhr kommt der n\u00e4chste vorbote:<\/p>\n\n\n\n<p>\u201edes irre on dir bist du &#8211;<a href=\"https:\/\/smartlinks.artistcamp.com\/9006472046660\" data-type=\"link\" data-id=\"https:\/\/smartlinks.artistcamp.com\/9006472046660\">https:\/\/smartlinks.artistcamp.com\/9006472046660<\/a><\/p>\n\n\n\n<p>Ein Song-Vorbote des neuen, siebten Albums \u201ema w\u00fc v\u00fc\u201c von Sibylle Kefer. Ein Liebeslied, wie es nur diese Musikerin, die in Bad Goisern und Wien lebt und arbeitet, schreiben und singen kann. \u201eMit In-Beziehung-Setzen von Allem mit Allem und Nichts mit \u2026 Nichts.\u201c Was dann nach ganz viel und besonders klingt, in ihrem speziellen, feministisch-feingewobenen musikalischen Dialekt \u2013 Advanced Pop? Singer\/Songwriterin? Art-Folk? \u2013 den so nur Sibylle spricht.\u201c<\/p>\n\n\n\n<p>es sind christophs und meine h\u00e4nde, da am cover.<\/p>\n\n\n\n<p>und? habt ihr schon karten f\u00fcr die releaseparty am 06.03.26 im porgy und bess?<\/p>\n\n\n\n<p>ihr seid alle ganz herzlich eingeladen, also eigentlich, ihr m\u00fcsst alle kommen, es wird ja auch meine 50er feier und jeder, der m\u00f6chte, kann nach dem konzert musikalisch einsteigen! oder mit mir tanzen und feiern.<\/p>\n\n\n\n<p>der vorverkauf hat gestartet, auf der porgyhomepage kann man tickets kaufen (zb auch als weihnachtsgeschenk <img loading=\"lazy\" decoding=\"async\" height=\"16\" width=\"16\" alt=\"&#x1f941;\" src=\"https:\/\/static.xx.fbcdn.net\/images\/emoji.php\/v9\/t2d\/2\/16\/1f941.png\">) und sich schon ein bisschen einlesen <img loading=\"lazy\" decoding=\"async\" height=\"16\" width=\"16\" alt=\"&#x2764;&#xfe0f;\" src=\"https:\/\/static.xx.fbcdn.net\/images\/emoji.php\/v9\/ted\/2\/16\/2764.png\">:<\/p>\n\n\n\n<figure class=\"wp-block-embed\"><div class=\"wp-block-embed__wrapper\">\nhttps:\/\/www.porgy.at\/events\/12815\n<\/div><\/figure>\n\n\n\n<p>und &#8211; ich glaube, es wird allerh\u00f6chste zeit f\u00fcr eine neue @krispelkefer podcastfolge. ihr k\u00f6nnt bis n\u00e4chste woche nochmal alle bisherigen folgen nachh\u00f6ren, wir schie\u00dfen dann noch eine vor weihnachten nach, stimmts, rainer? ist jedenfalls der plan.<\/p>\n\n\n\n<p>w\u00fcnsche? themen?<\/p>\n\n\n\n<p>her damit!<\/p>\n\n\n\n<p>ich nehme eh nur, was ich kann und will, aber ich kann und will alles nehmen, wenn ihrs bringt <img loading=\"lazy\" decoding=\"async\" height=\"16\" width=\"16\" alt=\"&#x1f642;\" src=\"https:\/\/static.xx.fbcdn.net\/images\/emoji.php\/v9\/teb\/2\/16\/1f642.png\"><\/p>\n\n\n\n<p>so, und weil es vor weihnachten ist &#8211; das 7. album steht bevor, d.h., ich habe sechs alben zuhause, die schon da sind, die ihr bestellen und verschenken k\u00f6nnt, die ich signieren kann und die ich euch noch zuschicken kann, wenn ihr zeitnah bescheid gebt.<\/p>\n\n\n\n<p>beratung inklusive bei bedarf.<\/p>\n\n\n\n<p>vorbestellungen f\u00fcr das neue album nat\u00fcrlich sowieso sehr gerne! vinyl und cd wird es geben.<\/p>\n\n\n\n<p>und apropos porgy &amp; bess &#8211; ich werde mich am donnerstag, dem 18.12. beim legend\u00e4ren weihnachtskonzert von ernst molden mit g\u00e4sten nach 20 gemeinsamen b\u00fchnenjahren mit ernst von ihm und seiner leiwanden band verabschieden. es k\u00f6nnten auch tr\u00e4nen flie\u00dfen.<\/p>\n\n\n\n<p>wer nicht vor ort dabei sein kann: es gibt wie immer die m\u00f6glichkeit des live-streams auf der homepage.<\/p>\n\n\n\n<p>aja, und noch etwas &#8211; etwas elementares: es ist soweit, meine kinder kommen jetzt aber echt in ein alter, wo ich wirklich nicht mehr jeden abend bei ihnen sein muss.<\/p>\n\n\n\n<p>oh my gosh!<\/p>\n\n\n\n<p>letzte woche war ich beim liederabend im porgy (ah, ich k\u00f6nnte versuchen, einen werbevertrag zu kriegen\u2026) und mein herz ist eigentlich irgendwie ein bisschen explodiert. ich habe leute getroffen, ich habe liebste leute getroffen, absichtlich und zuf\u00e4llig, ich habe so feine musik geh\u00f6rt, ich hab so einen sch\u00f6nen abend gehabt, dass ich fast zersprungen bin.<\/p>\n\n\n\n<p>ich m\u00f6chte das w\u00e4rmstens empfehlen und in erinnerung rufen &#8211; leute treffen, gemeinsam musik h\u00f6ren, reden, zuh\u00f6ren, wenn man kann, leute umarmen, die man mag, wenn man kann.<\/p>\n\n\n\n<p>danke f\u00fcr die umarmungen, die ich bekommen habe, ich zehre immer noch davon!<\/p>\n\n\n\n<p>auszug aus \u201edes irre on dir bist du\u201c<\/p>\n\n\n\n<p>(\u2026)<\/p>\n\n\n\n<p>des irre on da zeit is die zeit<\/p>\n\n\n\n<p>offm f\u00fca ois wos is is da spoit weit<\/p>\n\n\n\n<p>gnuag<\/p>\n\n\n\n<p>und wos duachgeht geht<\/p>\n\n\n\n<p>durch die zeit mit da zeit duachaus weg<\/p>\n\n\n\n<p>des irre san deine h\u00e4nd<\/p>\n\n\n\n<p>de mi kennan wie nix mi sonst kennt<\/p>\n\n\n\n<p>ois wa des imma scho so<\/p>\n\n\n\n<p>deine h\u00e4nd de hoin mi owaroi o<\/p>\n\n\n\n<p>des irre on dir bist du<\/p>\n\n\n\n<p>du du nur du<\/p>\n\n\n\n<p>des irre is jetzt kum nu i dazua\u201c<\/p>\n\n\n\n<p>und bitte, wenn euch die neue musik gef\u00e4llt &#8211; w\u00fcnscht sie euch im radio, schickt sie an freunde, kauft sie auf bandcamp, streamt sie, teilt sie und bestellt das album vor.<\/p>\n\n\n\n<p>es hilft wirklich.<\/p>\n\n\n\n<p>alle anderen politischen und pers\u00f6nlichen gedanken zur ver\u00f6ffentlichung dann mit der albumver\u00f6ffentlichung am 30.01.26.<\/p>\n\n\n\n<p>alles liebe<\/p>\n\n\n\n<p>sibylle<\/p>\n","protected":false},"excerpt":{"rendered":"<p>liebe menschen, heute in aller k\u00fcrze (also f\u00fcr meine verh\u00e4ltnisse): robert rotifer hat mein neues album auf fm4 heartbeat mit folgenden worten vorangek\u00fcndigt: \u201ema w\u00fc v\u00fc\u201c. der titelsong des neuen albums von sibylle kefer, das sie wieder in partnerschaft mit martin siewert produziert hat &#8211; es erscheint am 30. j\u00e4nner, und ist vielleicht ihr bisher [&hellip;]<\/p>\n","protected":false},"author":2,"featured_media":0,"comment_status":"closed","ping_status":"","sticky":false,"template":"","format":"standard","meta":{"footnotes":""},"categories":[1],"tags":[],"class_list":["post-2326","post","type-post","status-publish","format-standard","hentry","category-allgemein"],"_links":{"self":[{"href":"https:\/\/www.sibyllekefer.at\/blog\/wp-json\/wp\/v2\/posts\/2326","targetHints":{"allow":["GET"]}}],"collection":[{"href":"https:\/\/www.sibyllekefer.at\/blog\/wp-json\/wp\/v2\/posts"}],"about":[{"href":"https:\/\/www.sibyllekefer.at\/blog\/wp-json\/wp\/v2\/types\/post"}],"author":[{"embeddable":true,"href":"https:\/\/www.sibyllekefer.at\/blog\/wp-json\/wp\/v2\/users\/2"}],"replies":[{"embeddable":true,"href":"https:\/\/www.sibyllekefer.at\/blog\/wp-json\/wp\/v2\/comments?post=2326"}],"version-history":[{"count":1,"href":"https:\/\/www.sibyllekefer.at\/blog\/wp-json\/wp\/v2\/posts\/2326\/revisions"}],"predecessor-version":[{"id":2327,"href":"https:\/\/www.sibyllekefer.at\/blog\/wp-json\/wp\/v2\/posts\/2326\/revisions\/2327"}],"wp:attachment":[{"href":"https:\/\/www.sibyllekefer.at\/blog\/wp-json\/wp\/v2\/media?parent=2326"}],"wp:term":[{"taxonomy":"category","embeddable":true,"href":"https:\/\/www.sibyllekefer.at\/blog\/wp-json\/wp\/v2\/categories?post=2326"},{"taxonomy":"post_tag","embeddable":true,"href":"https:\/\/www.sibyllekefer.at\/blog\/wp-json\/wp\/v2\/tags?post=2326"}],"curies":[{"name":"wp","href":"https:\/\/api.w.org\/{rel}","templated":true}]}}