{"id":559,"date":"2019-12-15T23:35:43","date_gmt":"2019-12-15T21:35:43","guid":{"rendered":"http:\/\/www.sibyllekefer.at\/blog\/?p=559"},"modified":"2019-12-15T23:59:59","modified_gmt":"2019-12-15T21:59:59","slug":"licht-ins-dunkel-im-radiokulturhaus","status":"publish","type":"post","link":"https:\/\/www.sibyllekefer.at\/blog\/licht-ins-dunkel-im-radiokulturhaus\/","title":{"rendered":"Lieder ins Dunkel im Radiokulturhaus"},"content":{"rendered":"\n<figure class=\"wp-block-image\"><img loading=\"lazy\" decoding=\"async\" width=\"640\" height=\"960\" src=\"https:\/\/www.sibyllekefer.at\/blog\/wp-content\/uploads\/\/grafik.png\" alt=\"\" class=\"wp-image-560\" srcset=\"https:\/\/www.sibyllekefer.at\/blog\/wp-content\/uploads\/grafik.png 640w, https:\/\/www.sibyllekefer.at\/blog\/wp-content\/uploads\/grafik-200x300.png 200w\" sizes=\"auto, (max-width: 640px) 100vw, 640px\" \/><figcaption>photo by didi lipkovich<br><br>Ganz allein auf der B\u00fchne im Radiokulturhaus f\u00fcr Licht ins Dunkel.<br>Danke Didi Lipkovich, da schau ich ganz sch\u00f6n klein aus in dem sch\u00f6nen Saal.<br>Danke Ernst Molden und Walter Gr\u00f6bchen f\u00fcr einen wunderbaren Abend mit tollen KollegInnen! &#8222;Lieder ins Dunkel&#8220; jetzt erh\u00e4ltlich bei Monkey und im ausgew\u00e4hlten Fachhandel.<br>https:\/\/www.monkeymusic.at\/store\/lieder-ins-dunkel<br><br> <\/figcaption><\/figure>\n\n\n\n<figure class=\"wp-block-image\"><img loading=\"lazy\" decoding=\"async\" width=\"750\" height=\"750\" src=\"https:\/\/www.sibyllekefer.at\/blog\/wp-content\/uploads\/\/Lieder-ins-Dunkel.jpg\" alt=\"\" class=\"wp-image-567\" srcset=\"https:\/\/www.sibyllekefer.at\/blog\/wp-content\/uploads\/Lieder-ins-Dunkel.jpg 750w, https:\/\/www.sibyllekefer.at\/blog\/wp-content\/uploads\/Lieder-ins-Dunkel-150x150.jpg 150w, https:\/\/www.sibyllekefer.at\/blog\/wp-content\/uploads\/Lieder-ins-Dunkel-300x300.jpg 300w\" sizes=\"auto, (max-width: 750px) 100vw, 750px\" \/><figcaption>\u201eLicht ins Dunkel\u201c ist die gr\u00f6\u00dfte Benefiz-Aktion \u00d6sterreichs, angesto\u00dfen  vom ORF. Sieben Organisationen sind seit 1989 Mitglieder des  gleichnamigen Vereins: Kinderfreunde, Lebenshilfe, &#8222;Rettet das Kind&#8220;,  Kinderd\u00f6rfer, \u00d6sterreichisches Komitee f\u00fcr UNICEF, Caritas und Diakonie  \u00d6sterreich. Den hohen Bekanntheitsgrad und die Millionen an Spenden, die  hunderten Sozialprojekten in ganz \u00d6sterreich zugute kommen, verdankt  die Aktion vor allem dem \u00f6ffentlich-rechtlichen Impetus. Jedes Jahr  strahlt der ORF zahlreiche Beitr\u00e4ge und Liveeinstiege rund um die  Projekte des Vereins aus.<br>Und jedes Jahr erh\u00e4lt \u201eLicht ins Dunkel\u201c  tatkr\u00e4ftige Unterst\u00fctzung seitens der Kunst. Seit 2012 gibt es eine CD  mit Beitr\u00e4gen prominenter heimischer Musikerinnen und Musiker, die zum  Spendenaufkommen das ihre beitragen soll. Und wird. Von Conchita bis  Hubert von Goisern, von Thomas Stipsits bis Nina Proll reichte die  Bandbreite derjenigen, die diese spezielle Musikauswahl im TV  pr\u00e4sentierten.<br>Nun wurden einige Ver\u00e4nderungen getroffen, um diesen  Tontr\u00e4ger noch stimmiger, wertiger und attraktiver zu gestalten. Wie  bisher versammelt er ausschlie\u00dflich \u00f6sterreichische K\u00fcnstler\/innen, wird  nun aber von einer herausragenden Pers\u00f6nlichkeit der Kulturszene  kuratiert &#8211; anno 2019 ist das der Wiener Autor, Kolumnist, S\u00e4nger und  Songschreiber Ernst Molden. Er hat seine pers\u00f6nliche Songauswahl von  Wolfgang Ambros bis Voodoo J\u00fcrgens getroffen, die CD &#8211; die 2020  voraussichtlich auch als Doppel-LP erscheint &#8211; hei\u00dft folgerichtig:  Lieder ins Dunkel, ausgew\u00e4hlt von Ernst Molden.<br><br><strong>5 Euro pro CD gehen an die Aktion \u201cLicht ins Dunkel\u201d.<\/strong>  Dutzende TV-Spots im ORF, eine begleitende Promotion-Kampagne und die  Live-Pr\u00e4sentation mit Ernst Molden an der Spitze (am 12.12.2019 im ORF  Radiokulturhaus) sorgen f\u00fcr eine hohe Bekanntheit des Produkts. <strong>Seien Sie Teil der guten Sache! Oder, um mit Ernst Molden zu sprechen: \u201cWir k\u00f6nnen uns ruhig weihnachtlich verhalten und \u201eLicht ins Dunkel\u201c in jeder Hinsicht unterst\u00fctzen. W\u00e4re leiwand.\u201d<\/strong><\/figcaption><\/figure>\n","protected":false},"excerpt":{"rendered":"","protected":false},"author":2,"featured_media":0,"comment_status":"closed","ping_status":"open","sticky":false,"template":"","format":"standard","meta":{"footnotes":""},"categories":[1],"tags":[],"class_list":["post-559","post","type-post","status-publish","format-standard","hentry","category-allgemein"],"_links":{"self":[{"href":"https:\/\/www.sibyllekefer.at\/blog\/wp-json\/wp\/v2\/posts\/559","targetHints":{"allow":["GET"]}}],"collection":[{"href":"https:\/\/www.sibyllekefer.at\/blog\/wp-json\/wp\/v2\/posts"}],"about":[{"href":"https:\/\/www.sibyllekefer.at\/blog\/wp-json\/wp\/v2\/types\/post"}],"author":[{"embeddable":true,"href":"https:\/\/www.sibyllekefer.at\/blog\/wp-json\/wp\/v2\/users\/2"}],"replies":[{"embeddable":true,"href":"https:\/\/www.sibyllekefer.at\/blog\/wp-json\/wp\/v2\/comments?post=559"}],"version-history":[{"count":7,"href":"https:\/\/www.sibyllekefer.at\/blog\/wp-json\/wp\/v2\/posts\/559\/revisions"}],"predecessor-version":[{"id":568,"href":"https:\/\/www.sibyllekefer.at\/blog\/wp-json\/wp\/v2\/posts\/559\/revisions\/568"}],"wp:attachment":[{"href":"https:\/\/www.sibyllekefer.at\/blog\/wp-json\/wp\/v2\/media?parent=559"}],"wp:term":[{"taxonomy":"category","embeddable":true,"href":"https:\/\/www.sibyllekefer.at\/blog\/wp-json\/wp\/v2\/categories?post=559"},{"taxonomy":"post_tag","embeddable":true,"href":"https:\/\/www.sibyllekefer.at\/blog\/wp-json\/wp\/v2\/tags?post=559"}],"curies":[{"name":"wp","href":"https:\/\/api.w.org\/{rel}","templated":true}]}}