{"id":863,"date":"2021-03-28T16:48:00","date_gmt":"2021-03-28T14:48:00","guid":{"rendered":"http:\/\/www.sibyllekefer.at\/blog\/?p=863"},"modified":"2021-05-02T16:50:57","modified_gmt":"2021-05-02T14:50:57","slug":"reise-zurueck-teil-2","status":"publish","type":"post","link":"https:\/\/www.sibyllekefer.at\/blog\/reise-zurueck-teil-2\/","title":{"rendered":"reise zur\u00fcck&#8230; teil 2"},"content":{"rendered":"\n<p>ihr lieben,<\/p>\n\n\n\n<p>vor knapp einem monat, am 8.3.21, dem heurigen frauentag hab ich meine reise in die anf\u00e4nge meiner solokarriere mit euch gestartet. mit blick auf eine frauenspezifische sicht auf die dinge, der mich stetig auch beim songschreiben begleitet, hatte ich mich f\u00fcr \u201ebekenntnis\u201c entschieden, einen song aus meinem ersten soloalbum. <\/p>\n\n\n\n<p>er handelte von einer alleinerziehenden mama, die sich mithilfe ihres berufs als musiktherapeutin ein jazzgesangsstudium leistete, bald selbst studierende unterrichtete, abends f\u00fcr die kindergruppe vorkochte und mit ihrem beruf diese auch bezahlte und mit einer recht erfolgreichen truppe (den ausseer hardbradlern und dann mit dem wunderbaren ernst molden) auf der b\u00fchne stand &#8211; mit dem selben gewand und der \u00fcbriggebliebenen frisur, mit dem und mit der sie untertags die kinder therapiert hatte.<\/p>\n\n\n\n<p>gerade noch im therapiezentrum\/kindergarten\/konservatorium, jetzt auf unserer showb\u00fchne\u2026wow, das war schon viel. aber ich war jung und ich war sehr dem\u00fctig, dass ich das alles machen durfte und konnte und ich machte einfach volle kanne &#8211; und oft war ich auch sehr m\u00fcde.<\/p>\n\n\n\n<p>heute habe ich einen song aus dem folgealbum \u201eweg\u201c ausgesucht. der titel dieses zweiten soloalbums ist dem dialekttitellied des albums geschuldet, bei dem ich mich mir n\u00e4here, indem ich mich woanders wegbewege, ich also gleichzeitig auch einen weg gehe. weg und weg &#8211; das gefiel mir als doppelbotschaft.<\/p>\n\n\n\n<p>von der entstehung von \u201eweg\u201c gibt es auf meinem youtubekanal eine 4-teilige dokumentation. ich habe f\u00fcr dieses album mein label sie-records gegr\u00fcndet und dies ist die erstver\u00f6ffentlichung.<\/p>\n\n\n\n<p>den ausgew\u00e4hlten song \u201eich mach mir sorgen\u201c habe ich den sp\u00f6-frauen zum frauentag 2010 geschenkt. ich war  immer eine politisch interessierte person, aber ich war nicht sp\u00f6-nahe. ich f\u00fchlte mich eigentlich als hippie.<\/p>\n\n\n\n<p>weil ich johanna dohnal als derart wichtige und schillernde pers\u00f6nlichkeit aus der sp\u00f6 in erinnerung hatte, dachte ich, in ihrem sinne werde ich diesen song f\u00fcr die anfrage ausw\u00e4hlen und zur verf\u00fcgung stellen. und so war es dann auch &#8211; und dadurch gibt es auch das video, welches ihr unten finden k\u00f6nnt. <\/p>\n\n\n\n<p>hier ist also runde zwei unserer reise in die fr\u00fche phase meiner musik mit dem song \u201eich mach mir sorgen\u201c aus meinem zweiten soloalbum \u201eweg\u201c.<\/p>\n\n\n\n<p>heute machen wir uns viele sorgen &#8211; wir sind in eine zeit hineingerutscht, die wir so nicht vermutet h\u00e4tten vor eineinhalb jahren. wir haben jetzt andere sorgen, manche sind gleich geblieben, manche haben sich verschoben. was uns jedenfalls verbindet, ist das teilen unserer sorgen und \u00e4ngste. halten wir weiterhin gut zusammen, lassen wir uns nicht spalten, sondern helfen wir uns und k\u00fcmmern wir uns darum, dass wir nicht vereinsamen. sprechen wir uns mut zu und lassen wir unsere geldschere nicht zu weit auseinanderdriften in einer intensiven zeit.<\/p>\n\n\n\n<p>in diesem sinne, eine gute zeit mit dem song!<\/p>\n\n\n\n<p>alles liebe,sibylle<\/p>\n\n\n\n<figure class=\"wp-block-embed-youtube wp-block-embed is-type-video is-provider-youtube wp-embed-aspect-4-3 wp-has-aspect-ratio\"><div class=\"wp-block-embed__wrapper\">\n<iframe loading=\"lazy\" title=\"Internationaler Frauentag\" width=\"640\" height=\"480\" src=\"https:\/\/www.youtube.com\/embed\/kqPLqD7E8MI?feature=oembed\" frameborder=\"0\" allow=\"accelerometer; autoplay; clipboard-write; encrypted-media; gyroscope; picture-in-picture; web-share\" referrerpolicy=\"strict-origin-when-cross-origin\" allowfullscreen><\/iframe>\n<\/div><\/figure>\n","protected":false},"excerpt":{"rendered":"<p>ihr lieben, vor knapp einem monat, am 8.3.21, dem heurigen frauentag hab ich meine reise in die anf\u00e4nge meiner solokarriere mit euch gestartet. mit blick auf eine frauenspezifische sicht auf die dinge, der mich stetig auch beim songschreiben begleitet, hatte ich mich f\u00fcr \u201ebekenntnis\u201c entschieden, einen song aus meinem ersten soloalbum. er handelte von einer [&hellip;]<\/p>\n","protected":false},"author":2,"featured_media":0,"comment_status":"closed","ping_status":"open","sticky":false,"template":"","format":"standard","meta":{"footnotes":""},"categories":[1],"tags":[],"class_list":["post-863","post","type-post","status-publish","format-standard","hentry","category-allgemein"],"_links":{"self":[{"href":"https:\/\/www.sibyllekefer.at\/blog\/wp-json\/wp\/v2\/posts\/863","targetHints":{"allow":["GET"]}}],"collection":[{"href":"https:\/\/www.sibyllekefer.at\/blog\/wp-json\/wp\/v2\/posts"}],"about":[{"href":"https:\/\/www.sibyllekefer.at\/blog\/wp-json\/wp\/v2\/types\/post"}],"author":[{"embeddable":true,"href":"https:\/\/www.sibyllekefer.at\/blog\/wp-json\/wp\/v2\/users\/2"}],"replies":[{"embeddable":true,"href":"https:\/\/www.sibyllekefer.at\/blog\/wp-json\/wp\/v2\/comments?post=863"}],"version-history":[{"count":3,"href":"https:\/\/www.sibyllekefer.at\/blog\/wp-json\/wp\/v2\/posts\/863\/revisions"}],"predecessor-version":[{"id":866,"href":"https:\/\/www.sibyllekefer.at\/blog\/wp-json\/wp\/v2\/posts\/863\/revisions\/866"}],"wp:attachment":[{"href":"https:\/\/www.sibyllekefer.at\/blog\/wp-json\/wp\/v2\/media?parent=863"}],"wp:term":[{"taxonomy":"category","embeddable":true,"href":"https:\/\/www.sibyllekefer.at\/blog\/wp-json\/wp\/v2\/categories?post=863"},{"taxonomy":"post_tag","embeddable":true,"href":"https:\/\/www.sibyllekefer.at\/blog\/wp-json\/wp\/v2\/tags?post=863"}],"curies":[{"name":"wp","href":"https:\/\/api.w.org\/{rel}","templated":true}]}}